{"id":27256,"date":"2020-06-11T09:02:31","date_gmt":"2020-06-11T13:02:31","guid":{"rendered":"https:\/\/vipfesta.com.br\/vipfesta\/?p=27256"},"modified":"2020-06-11T09:08:13","modified_gmt":"2020-06-11T13:08:13","slug":"ifro-abre-9-410-vagas-em-cursos-do-programa-novos-caminhos","status":"publish","type":"post","link":"https:\/\/vipfesta.com.br\/vipfesta\/ifro-abre-9-410-vagas-em-cursos-do-programa-novos-caminhos\/","title":{"rendered":"IFRO abre 9.410 vagas em cursos do Programa Novos Caminhos"},"content":{"rendered":"\n<p><\/p>\n\n\n\n<figure class=\"wp-block-image size-large\"><img loading=\"lazy\" decoding=\"async\" width=\"1024\" height=\"992\" src=\"https:\/\/vipfesta.com.br\/vipfesta\/wp-content\/uploads\/2020\/06\/POST-geral-1-Novos-Caminhos-20202-1-1024x992.jpg\" alt=\"\" class=\"wp-image-27260\" srcset=\"https:\/\/vipfesta.com.br\/vipfesta\/wp-content\/uploads\/2020\/06\/POST-geral-1-Novos-Caminhos-20202-1-1024x992.jpg 1024w, https:\/\/vipfesta.com.br\/vipfesta\/wp-content\/uploads\/2020\/06\/POST-geral-1-Novos-Caminhos-20202-1-300x291.jpg 300w, https:\/\/vipfesta.com.br\/vipfesta\/wp-content\/uploads\/2020\/06\/POST-geral-1-Novos-Caminhos-20202-1-768x744.jpg 768w, https:\/\/vipfesta.com.br\/vipfesta\/wp-content\/uploads\/2020\/06\/POST-geral-1-Novos-Caminhos-20202-1.jpg 1076w\" sizes=\"auto, (max-width: 1024px) 100vw, 1024px\" \/><\/figure>\n\n\n\n<p>O Instituto Federal de Educa\u00e7\u00e3o, Ci\u00eancia e Tecnologia de Rond\u00f4nia (IFRO) realiza&nbsp;<a href=\"https:\/\/selecao.ifro.edu.br\/cursos-fic\/734-edital-n-25-2020-selecao-programa-novos-caminhos-modalidade-ead\" target=\"_blank\" rel=\"noreferrer noopener\">sele\u00e7\u00e3o&nbsp;<\/a>para 9.410 vagas em cursos da modalidade Forma\u00e7\u00e3o Inicial e Continuada (FIC) do Programa Novos Caminhos. Os cursos ser\u00e3o ofertados via Ambiente Virtual de Aprendizagem e as aulas iniciam no pr\u00f3ximo dia 30 de junho. As ofertas s\u00e3o totalmente gratuitas e n\u00e3o h\u00e1 taxa de inscri\u00e7\u00e3o. O per\u00edodo de inscri\u00e7\u00e3o \u00e9 de 11 a 23 de junho.<\/p>\n\n\n\n<p>S\u00e3o vagas para os cursos de Assistente de Tesouraria, Promotor de Vendas, Vitrinista, Operador de Caixa, Assistente de Log\u00edstica, Motorista de Transporte de Carga, Motorista de Transporte de Carga de Produtos Aliment\u00edcios, Motorista de Transporte de Cargas Vivas, Motorista de Transporte de Lixos Urbanos, Motorista de Transporte de Passageiros, Motorista de Transporte de Produtos Perigosos, Motorista de Transporte Escolar, Agente de Inclus\u00e3o Digital em Centros P\u00fablicos de Acesso \u00e0 Internet, Assistente Financeiro, Programador de Sistemas e Programador Web.<\/p>\n\n\n\n<p>Os cursos possuem diferentes requisitos m\u00ednimos e exig\u00eancias de idade m\u00ednima. Conforme consta no edital de sele\u00e7\u00e3o, ter\u00e1 direito ao certificado de conclus\u00e3o de curso o aluno que concluir com \u00eaxito os componentes curriculares previstos para o curso e que tenha, no m\u00ednimo, 60% na m\u00e9dia final nas avalia\u00e7\u00f5es propostas. O curso FIC consiste na capacita\u00e7\u00e3o, qualifica\u00e7\u00e3o, forma\u00e7\u00e3o e aperfei\u00e7oamento profissional de curta dura\u00e7\u00e3o.<\/p>\n\n\n\n<p>&nbsp;Segundo o Reitor do IFRO, Uberlando Tiburtino Leite, \u201cantes do coronav\u00edrus, o Brasil j\u00e1 vivia uma situa\u00e7\u00e3o delicada, com uma elevada taxa de desemprego, mas ainda com vagas dispon\u00edveis no mercado, n\u00e3o preenchidas em raz\u00e3o da car\u00eancia de profissionais qualificados em diversas \u00e1reas da economia. Com a pandemia essa situa\u00e7\u00e3o se agravou, o desemprego aumentou em consequ\u00eancia do fechamento de algumas empresas e de outras trabalhando de forma parcial. Desse modo, h\u00e1 necessidade mais do que nunca de qualificarmos pessoas para, al\u00e9m de promover a inser\u00e7\u00e3o no mundo do trabalho, contribuir para o fortalecimento da economia do pa\u00eds. Desse modo, o IFRO vem ampliar a oferta de vagas que j\u00e1 est\u00e1 fazendo, possibilitando assim que ocorra o aumento da renda, a partir do emprego das pessoas e de divisas do estado com o desenvolvimento de nossa economia\u201d.<\/p>\n\n\n\n<p>As vagas s\u00e3o abertas n\u00e3o somente para quem reside em Rond\u00f4nia. A Pr\u00f3-Reitora de Extens\u00e3o, Maria Goreth Ara\u00fajo Reis, mostra que \u201ca expans\u00e3o do Programa Novos Caminhos no estado de Rond\u00f4nia, por meio do IFRO, abre novas oportunidades com cursos focados nas demandas sociais e no mercado de trabalho. S\u00e3o quase 10 mil vagas ofertadas na modalidade EaD, a qual permite que qualquer cidad\u00e3o possa realizar o curso em qualquer hor\u00e1rio e nos mais diversos locais. Os cursos FIC em EaD, al\u00e9m de permitirem uma qualifica\u00e7\u00e3o profissional de curto prazo, tamb\u00e9m democratizam o acesso a popula\u00e7\u00f5es menos favorecidas, que muitas vezes n\u00e3o possuem cursos profissionalizantes onde residem\u201d.<\/p>\n\n\n\n<p>Os candidatos ser\u00e3o selecionados por meio de sorteio eletr\u00f4nico, a ser realizado no dia 24 de junho de 2020. Tamb\u00e9m ser\u00e1 sorteado um quantitativo igual ao n\u00famero de vagas de candidatos\/as para o cadastro de reserva, n\u00e3o havendo obrigatoriedade do IFRO utiliz\u00e1-lo. E o crit\u00e9rio de convoca\u00e7\u00e3o do cadastro de reserva, caso necess\u00e1ria, ser\u00e1 pela ordem de sorteio.<\/p>\n\n\n\n<p>O Programa Novos Caminhos \u00e9 uma agenda estrat\u00e9gica do Minist\u00e9rio da Educa\u00e7\u00e3o para a educa\u00e7\u00e3o profissional e tecnol\u00f3gica, lan\u00e7ada em outubro de 2019. O programa se subdivide em tr\u00eas eixos, entre eles o de \u201cInova\u00e7\u00e3o e Empreendedorismo\u201d, do qual Rond\u00f4nia agora disponibiliza vagas.<\/p>\n\n\n\n<p>Para finalizar, o Reitor Uberlando Leite ainda destaca a \u201cpossibilidade que o IFRO coloca ao estado de Rond\u00f4nia de qualificar mais de nove mil profissionais, al\u00e9m do planejado inicialmente. E o fato de estar ampliando a capta\u00e7\u00e3o de recursos, chegando a mais de nove milh\u00f5es de reais captados para investimento no Estado, por meio dessas a\u00e7\u00f5es, gerando rendas para as pessoas que poder\u00e3o participar das ofertas desses cursos e tamb\u00e9m para os nossos alunos que poder\u00e3o receber bolsas durante a realiza\u00e7\u00e3o dos cursos\u201d.<\/p>\n\n\n\n<p>Acesso o edital completo clicando&nbsp;<a href=\"https:\/\/selecao.ifro.edu.br\/cursos-fic\/734-edital-n-25-2020-selecao-programa-novos-caminhos-modalidade-ead\" target=\"_blank\" rel=\"noreferrer noopener\">AQUI<\/a>.<\/p>\n","protected":false},"excerpt":{"rendered":"<p>O Instituto Federal de Educa\u00e7\u00e3o, Ci\u00eancia e Tecnologia de Rond\u00f4nia (IFRO) realiza&nbsp;sele\u00e7\u00e3o&nbsp;para 9.410 vagas em cursos da modalidade Forma\u00e7\u00e3o Inicial<\/p>\n","protected":false},"author":1,"featured_media":27260,"comment_status":"open","ping_status":"open","sticky":false,"template":"","format":"standard","meta":{"colormag_page_container_layout":"default_layout","colormag_page_sidebar_layout":"default_layout","footnotes":""},"categories":[283,373,400],"tags":[37,67],"class_list":["post-27256","post","type-post","status-publish","format-standard","has-post-thumbnail","hentry","category-cidades","category-educacao","category-ifro","tag-educacao","tag-ifro"],"_links":{"self":[{"href":"https:\/\/vipfesta.com.br\/vipfesta\/wp-json\/wp\/v2\/posts\/27256","targetHints":{"allow":["GET"]}}],"collection":[{"href":"https:\/\/vipfesta.com.br\/vipfesta\/wp-json\/wp\/v2\/posts"}],"about":[{"href":"https:\/\/vipfesta.com.br\/vipfesta\/wp-json\/wp\/v2\/types\/post"}],"author":[{"embeddable":true,"href":"https:\/\/vipfesta.com.br\/vipfesta\/wp-json\/wp\/v2\/users\/1"}],"replies":[{"embeddable":true,"href":"https:\/\/vipfesta.com.br\/vipfesta\/wp-json\/wp\/v2\/comments?post=27256"}],"version-history":[{"count":2,"href":"https:\/\/vipfesta.com.br\/vipfesta\/wp-json\/wp\/v2\/posts\/27256\/revisions"}],"predecessor-version":[{"id":27261,"href":"https:\/\/vipfesta.com.br\/vipfesta\/wp-json\/wp\/v2\/posts\/27256\/revisions\/27261"}],"wp:featuredmedia":[{"embeddable":true,"href":"https:\/\/vipfesta.com.br\/vipfesta\/wp-json\/wp\/v2\/media\/27260"}],"wp:attachment":[{"href":"https:\/\/vipfesta.com.br\/vipfesta\/wp-json\/wp\/v2\/media?parent=27256"}],"wp:term":[{"taxonomy":"category","embeddable":true,"href":"https:\/\/vipfesta.com.br\/vipfesta\/wp-json\/wp\/v2\/categories?post=27256"},{"taxonomy":"post_tag","embeddable":true,"href":"https:\/\/vipfesta.com.br\/vipfesta\/wp-json\/wp\/v2\/tags?post=27256"}],"curies":[{"name":"wp","href":"https:\/\/api.w.org\/{rel}","templated":true}]}}