{"id":27127,"date":"2020-06-04T18:53:50","date_gmt":"2020-06-04T22:53:50","guid":{"rendered":"https:\/\/vipfesta.com.br\/vipfesta\/?p=27127"},"modified":"2020-06-04T18:53:54","modified_gmt":"2020-06-04T22:53:54","slug":"senado-aprova-uso-obrigatorio-de-mascaras-em-todo-pais","status":"publish","type":"post","link":"https:\/\/vipfesta.com.br\/vipfesta\/senado-aprova-uso-obrigatorio-de-mascaras-em-todo-pais\/","title":{"rendered":"Senado aprova uso obrigat\u00f3rio de m\u00e1scaras em todo pa\u00eds"},"content":{"rendered":"\n<figure class=\"wp-block-image size-large\"><img loading=\"lazy\" decoding=\"async\" width=\"680\" height=\"451\" src=\"https:\/\/vipfesta.com.br\/vipfesta\/wp-content\/uploads\/2020\/06\/images-2020-06-04T185121.438.jpeg\" alt=\"\" class=\"wp-image-27128\" srcset=\"https:\/\/vipfesta.com.br\/vipfesta\/wp-content\/uploads\/2020\/06\/images-2020-06-04T185121.438.jpeg 680w, https:\/\/vipfesta.com.br\/vipfesta\/wp-content\/uploads\/2020\/06\/images-2020-06-04T185121.438-300x199.jpeg 300w\" sizes=\"auto, (max-width: 680px) 100vw, 680px\" \/><\/figure>\n\n\n\n<p>O Senado Federal aprovou hoje (4) o Projeto de Lei (PL) 1562\/2020, que obriga o uso m\u00e1scaras em locais p\u00fablicos ou privados, mas acess\u00edveis ao p\u00fablico, em todo o pa\u00eds. A obrigatoriedade do uso engloba transporte p\u00fablico (como \u00f4nibus e metr\u00f4), dentro de t\u00e1xis ou carros de aplicativo e avi\u00f5es. Por ter sido alterado no Senado, o texto volta \u00e0 C\u00e2mara para nova aprecia\u00e7\u00e3o.<\/p>\n\n\n\n<p>O n\u00e3o uso do equipamento de prote\u00e7\u00e3o individual acarretar\u00e1 em multa fixada pelos estados ou munic\u00edpios. Muitas cidades j\u00e1 t\u00eam adotado o uso obrigat\u00f3rio de m\u00e1scaras, em leis de alcance local. Segundo o projeto, o poder p\u00fablico deve fornecer m\u00e1scaras \u00e0s popula\u00e7\u00f5es economicamente vulner\u00e1veis. As empresas, por sua vez, devem oferecer o item de prote\u00e7\u00e3o a seus funcion\u00e1rios, sob pena de pagamento de R$ 300 de multa por funcion\u00e1rio sem o acess\u00f3rio.<\/p>\n\n\n\n<p>Na compra das m\u00e1scaras para os funcion\u00e1rios, o Poder P\u00fablico dar\u00e1 prioridade aos equipamentos de prote\u00e7\u00e3o feitos por costureiras ou outros produtores locais, de forma individual, associada ou por meio de cooperativas de produtores, observado sempre o pre\u00e7o de mercado.<\/p>\n\n\n\n<p>O projeto determina ainda a realiza\u00e7\u00e3o de campanhas publicit\u00e1rias de interesse p\u00fablico, informando a necessidade do uso de m\u00e1scaras de prote\u00e7\u00e3o pessoal e a maneira correta de seu descarte. A m\u00e1scara, no entanto, est\u00e1 dispensada para o caso de pessoas com transtorno do espectro autista, defici\u00eancia intelectual, defici\u00eancias sensoriais ou quaisquer outras que as impe\u00e7am de usar a pe\u00e7a adequadamente.<\/p>\n\n\n\n<p>A medida aprovada assegura ainda que profissionais de sa\u00fade contaminados pelo novo coronav\u00edrus ter\u00e3o garantidos leitos e atendimento em hospitais, respeitados os protocolos nacionais de atendimento m\u00e9dico. O relator da mat\u00e9ria, Jean Paul Prates (PT-RN), acatou v\u00e1rias emendas, dentre elas a inclus\u00e3o de profissionais da seguran\u00e7a p\u00fablica na prefer\u00eancia de atendimento, assim como os profissionais de sa\u00fade.<\/p>\n\n\n\n<p>Ag\u00eancia Brasil<\/p>\n","protected":false},"excerpt":{"rendered":"<p>O Senado Federal aprovou hoje (4) o Projeto de Lei (PL) 1562\/2020, que obriga o uso m\u00e1scaras em locais p\u00fablicos<\/p>\n","protected":false},"author":1,"featured_media":27128,"comment_status":"open","ping_status":"open","sticky":false,"template":"","format":"standard","meta":{"colormag_page_container_layout":"default_layout","colormag_page_sidebar_layout":"default_layout","footnotes":""},"categories":[1,303],"tags":[630,686,713],"class_list":["post-27127","post","type-post","status-publish","format-standard","has-post-thumbnail","hentry","category-news","category-politica","tag-covid19","tag-mascara","tag-senado"],"_links":{"self":[{"href":"https:\/\/vipfesta.com.br\/vipfesta\/wp-json\/wp\/v2\/posts\/27127","targetHints":{"allow":["GET"]}}],"collection":[{"href":"https:\/\/vipfesta.com.br\/vipfesta\/wp-json\/wp\/v2\/posts"}],"about":[{"href":"https:\/\/vipfesta.com.br\/vipfesta\/wp-json\/wp\/v2\/types\/post"}],"author":[{"embeddable":true,"href":"https:\/\/vipfesta.com.br\/vipfesta\/wp-json\/wp\/v2\/users\/1"}],"replies":[{"embeddable":true,"href":"https:\/\/vipfesta.com.br\/vipfesta\/wp-json\/wp\/v2\/comments?post=27127"}],"version-history":[{"count":1,"href":"https:\/\/vipfesta.com.br\/vipfesta\/wp-json\/wp\/v2\/posts\/27127\/revisions"}],"predecessor-version":[{"id":27129,"href":"https:\/\/vipfesta.com.br\/vipfesta\/wp-json\/wp\/v2\/posts\/27127\/revisions\/27129"}],"wp:featuredmedia":[{"embeddable":true,"href":"https:\/\/vipfesta.com.br\/vipfesta\/wp-json\/wp\/v2\/media\/27128"}],"wp:attachment":[{"href":"https:\/\/vipfesta.com.br\/vipfesta\/wp-json\/wp\/v2\/media?parent=27127"}],"wp:term":[{"taxonomy":"category","embeddable":true,"href":"https:\/\/vipfesta.com.br\/vipfesta\/wp-json\/wp\/v2\/categories?post=27127"},{"taxonomy":"post_tag","embeddable":true,"href":"https:\/\/vipfesta.com.br\/vipfesta\/wp-json\/wp\/v2\/tags?post=27127"}],"curies":[{"name":"wp","href":"https:\/\/api.w.org\/{rel}","templated":true}]}}