{"id":27061,"date":"2020-05-30T21:45:58","date_gmt":"2020-05-31T01:45:58","guid":{"rendered":"https:\/\/vipfesta.com.br\/vipfesta\/?p=27061"},"modified":"2020-05-30T21:46:08","modified_gmt":"2020-05-31T01:46:08","slug":"cinco-municipios-de-rondonia-apresentam-indice-de-100-de-cura-da-covid-19","status":"publish","type":"post","link":"https:\/\/vipfesta.com.br\/vipfesta\/cinco-municipios-de-rondonia-apresentam-indice-de-100-de-cura-da-covid-19\/","title":{"rendered":"Cinco munic\u00edpios de Rond\u00f4nia apresentam \u00edndice de 100% de cura da Covid-19"},"content":{"rendered":"\n<figure class=\"wp-block-image size-large\"><img loading=\"lazy\" decoding=\"async\" width=\"1017\" height=\"1024\" src=\"https:\/\/vipfesta.com.br\/vipfesta\/wp-content\/uploads\/2020\/05\/Paciente-covid-19_-fotos-italo-ricardo_-06.05.20201-1017x1024.jpg\" alt=\"\" class=\"wp-image-27062\" srcset=\"https:\/\/vipfesta.com.br\/vipfesta\/wp-content\/uploads\/2020\/05\/Paciente-covid-19_-fotos-italo-ricardo_-06.05.20201-1017x1024.jpg 1017w, https:\/\/vipfesta.com.br\/vipfesta\/wp-content\/uploads\/2020\/05\/Paciente-covid-19_-fotos-italo-ricardo_-06.05.20201-298x300.jpg 298w, https:\/\/vipfesta.com.br\/vipfesta\/wp-content\/uploads\/2020\/05\/Paciente-covid-19_-fotos-italo-ricardo_-06.05.20201-150x150.jpg 150w, https:\/\/vipfesta.com.br\/vipfesta\/wp-content\/uploads\/2020\/05\/Paciente-covid-19_-fotos-italo-ricardo_-06.05.20201-768x773.jpg 768w, https:\/\/vipfesta.com.br\/vipfesta\/wp-content\/uploads\/2020\/05\/Paciente-covid-19_-fotos-italo-ricardo_-06.05.20201.jpg 1073w\" sizes=\"auto, (max-width: 1017px) 100vw, 1017px\" \/><\/figure>\n\n\n\n<p>Segundo relat\u00f3rio do Sistema de Comando de Incidentes da Covid-19 em Rond\u00f4nia, at\u00e9 esta quinta-feira (28), 1.869 pessoas que tiveram a doen\u00e7a se curaram.<\/p>\n\n\n\n<p>Dos munic\u00edpios com incid\u00eancia de casos, cinco apresentaram 100% de cura: Primavera de Rond\u00f4nia, Alto Alegre dos Parecis, Machadinho D\u2019Oeste, Santa Luzia D\u2019Oeste e S\u00e3o Felipe D\u2019Oeste.<\/p>\n\n\n\n<p>Em 24 horas, de acordo com dados do mesmo relat\u00f3rio, quase 100 pessoas apresentaram cura. A capital, que tem o maior n\u00famero de infectados \u2013 3.105 at\u00e9 a mesma data, tem \u00edndice de 37% de curados, com 1.401 casos recuperados. Segundo o secret\u00e1rio de Sa\u00fade, Fernando M\u00e1ximo, o distanciamento social \u00e9 o principal meio de evitar que o novo coronav\u00edrus continue se propagando.<\/p>\n\n\n\n<p>\u201cSe n\u00e3o fizermos a nossa parte de deixarmos de ir \u00e0s academias, de nos reunirmos com pessoas que n\u00e3o moram na mesma resid\u00eancia, vel\u00f3rios, festas, enfim, n\u00e3o teremos como conter o avan\u00e7o da doen\u00e7a. Daqui a tr\u00eas ou quatro meses a vida vai voltar ao normal e poderemos fazer tudo isso, por enquanto, precisamos ter consci\u00eancia de que essas medidas s\u00e3o necess\u00e1rias\u201d.<\/p>\n\n\n\n<p>O crescente n\u00famero de pessoas recuperadas tem sido comemorado pelas autoridades envolvidas.<\/p>\n\n\n\n<blockquote class=\"wp-block-quote is-layout-flow wp-block-quote-is-layout-flow\"><p><strong>\u201cSairemos dessa mais vigorosos e com sede de vida, para erguermos nossa economia, dignidade e liberdade\u201d,&nbsp;<\/strong>disse o governador Marcos Rocha.<\/p><\/blockquote>\n\n\n\n<p>O comunicador Paulo C\u00e9sar Amorim \u00e9 asm\u00e1tico e venceu a Covid-19. \u201cA batalha foi grande, mas com os medicamentos corretos, com o isolamento e todas as medidas de seguran\u00e7a eu consegui. O pior inimigo da doen\u00e7a \u00e9 o medo. Reportagens sobre mortes de pessoas com coronav\u00edrus, imagens de cemit\u00e9rios e sepultamento de pessoas que morreram com a doen\u00e7a, n\u00e3o ajudam. Isso abala o emocional. Ent\u00e3o o melhor \u00e9, al\u00e9m do tratamento, cuidar do psicol\u00f3gico para que o processo de cura seja o mais tranquilo poss\u00edvel\u201d.<a href=\"http:\/\/data.portal.sistemas.ro.gov.br\/2020\/04\/Uso-de-m%C3%A1scara-de-prote%C3%A7%C3%A3o-contra-o-coronav%C3%ADrus_17.04.20_Foto_Daiane-Mendon%C3%A7a-4.jpg\" target=\"_blank\" rel=\"noopener\"><\/a><\/p>\n\n\n\n<p>Paulo C\u00e9sar Amorim \u00e9 asm\u00e1tico e venceu a Covid-19<\/p>\n\n\n\n<p>Para a professora e int\u00e9rprete de Libras, N\u00fabia Lopes, a cura foi uma ben\u00e7\u00e3o. \u201cFiquei no hospital por cinco dias internada. Isso foi fundamental para que eu me recuperasse. Apesar de n\u00e3o ser c\u00f4modo passar pela interna\u00e7\u00e3o, e de ter ficado preocupada com a minha filha que tamb\u00e9m estava internada com a doen\u00e7a, a equipe de profissionais da sa\u00fade foi muito eficiente\u201d.<\/p>\n\n\n\n<p>N\u00fabia conta que antes de procurar a interna\u00e7\u00e3o ela relutou, e ficou em casa no isolamento, mas os sintomas mais fortes a induziram a procurar ajuda profissional. De volta ao lar, a professora diz que o tratamento ainda continuou por mais cinco dias, e atualmente est\u00e1 recuperada. \u201cCom o apoio da minha fam\u00edlia e a gra\u00e7a de Deus eu consegui superar a doen\u00e7a\u201d.<\/p>\n\n\n\n<p>Secom<\/p>\n","protected":false},"excerpt":{"rendered":"<p>Segundo relat\u00f3rio do Sistema de Comando de Incidentes da Covid-19 em Rond\u00f4nia, at\u00e9 esta quinta-feira (28), 1.869 pessoas que tiveram<\/p>\n","protected":false},"author":1,"featured_media":27062,"comment_status":"open","ping_status":"open","sticky":false,"template":"","format":"standard","meta":{"colormag_page_container_layout":"default_layout","colormag_page_sidebar_layout":"default_layout","footnotes":""},"categories":[440],"tags":[642,630],"class_list":["post-27061","post","type-post","status-publish","format-standard","has-post-thumbnail","hentry","category-saude","tag-coronavirus","tag-covid19"],"_links":{"self":[{"href":"https:\/\/vipfesta.com.br\/vipfesta\/wp-json\/wp\/v2\/posts\/27061","targetHints":{"allow":["GET"]}}],"collection":[{"href":"https:\/\/vipfesta.com.br\/vipfesta\/wp-json\/wp\/v2\/posts"}],"about":[{"href":"https:\/\/vipfesta.com.br\/vipfesta\/wp-json\/wp\/v2\/types\/post"}],"author":[{"embeddable":true,"href":"https:\/\/vipfesta.com.br\/vipfesta\/wp-json\/wp\/v2\/users\/1"}],"replies":[{"embeddable":true,"href":"https:\/\/vipfesta.com.br\/vipfesta\/wp-json\/wp\/v2\/comments?post=27061"}],"version-history":[{"count":1,"href":"https:\/\/vipfesta.com.br\/vipfesta\/wp-json\/wp\/v2\/posts\/27061\/revisions"}],"predecessor-version":[{"id":27063,"href":"https:\/\/vipfesta.com.br\/vipfesta\/wp-json\/wp\/v2\/posts\/27061\/revisions\/27063"}],"wp:featuredmedia":[{"embeddable":true,"href":"https:\/\/vipfesta.com.br\/vipfesta\/wp-json\/wp\/v2\/media\/27062"}],"wp:attachment":[{"href":"https:\/\/vipfesta.com.br\/vipfesta\/wp-json\/wp\/v2\/media?parent=27061"}],"wp:term":[{"taxonomy":"category","embeddable":true,"href":"https:\/\/vipfesta.com.br\/vipfesta\/wp-json\/wp\/v2\/categories?post=27061"},{"taxonomy":"post_tag","embeddable":true,"href":"https:\/\/vipfesta.com.br\/vipfesta\/wp-json\/wp\/v2\/tags?post=27061"}],"curies":[{"name":"wp","href":"https:\/\/api.w.org\/{rel}","templated":true}]}}