{"id":26921,"date":"2020-05-20T09:12:20","date_gmt":"2020-05-20T13:12:20","guid":{"rendered":"https:\/\/vipfesta.com.br\/vipfesta\/?p=26921"},"modified":"2020-05-20T09:12:22","modified_gmt":"2020-05-20T13:12:22","slug":"novos-medicos-graduados-recebem-treinamento-para-atuarem-em-rondonia-inscricoes-continuam-abertas","status":"publish","type":"post","link":"https:\/\/vipfesta.com.br\/vipfesta\/novos-medicos-graduados-recebem-treinamento-para-atuarem-em-rondonia-inscricoes-continuam-abertas\/","title":{"rendered":"Novos m\u00e9dicos graduados recebem treinamento para atuarem em Rond\u00f4nia; inscri\u00e7\u00f5es continuam abertas"},"content":{"rendered":"\n<figure class=\"wp-block-image size-large\"><img loading=\"lazy\" decoding=\"async\" width=\"1024\" height=\"683\" src=\"https:\/\/vipfesta.com.br\/vipfesta\/wp-content\/uploads\/2020\/05\/TREINAMENTO-NOVOS-M\u00c9DICOS_-18.05.2020_-FOTOS-\u00cdTALO-RICARDO-9.jpg\" alt=\"\" class=\"wp-image-26922\" srcset=\"https:\/\/vipfesta.com.br\/vipfesta\/wp-content\/uploads\/2020\/05\/TREINAMENTO-NOVOS-M\u00c9DICOS_-18.05.2020_-FOTOS-\u00cdTALO-RICARDO-9.jpg 1024w, https:\/\/vipfesta.com.br\/vipfesta\/wp-content\/uploads\/2020\/05\/TREINAMENTO-NOVOS-M\u00c9DICOS_-18.05.2020_-FOTOS-\u00cdTALO-RICARDO-9-300x200.jpg 300w, https:\/\/vipfesta.com.br\/vipfesta\/wp-content\/uploads\/2020\/05\/TREINAMENTO-NOVOS-M\u00c9DICOS_-18.05.2020_-FOTOS-\u00cdTALO-RICARDO-9-768x512.jpg 768w\" sizes=\"auto, (max-width: 1024px) 100vw, 1024px\" \/><figcaption>Novos Profissionais foram recebidos pelo secret\u00e1rio, Fernando M\u00e1ximo, e o m\u00e9dico e instrutor S\u00e9rgio Melo<\/figcaption><\/figure>\n\n\n\n<p>Neste domingo (17), 24 novos m\u00e9dicos graduados, aprovados no processo seletivo emergencial da Secretaria Estadual de Sa\u00fade (Sesau), &nbsp;participaram de um treinamento para atender pacientes graves que est\u00e3o em Unidade de Tratamento Intensivo (UTI), nas unidades hospitalares estaduais.<\/p>\n\n\n\n<p>Os novos m\u00e9dicos tamb\u00e9m v\u00e3o integrar a equipe de profissionais do Hospital Regina Pacis, comprado pelo Governo do Estado para atender pacientes suspeitos e confirmados de Covid-19.<\/p>\n\n\n\n<p>O secret\u00e1rio da Sesau, Fernando M\u00e1ximo, explica que \u201ca contrata\u00e7\u00e3o desses profissionais faz parte do pacote de medidas do Governo do Estado no enfrentamento ao novo coronav\u00edrus\u201d.<\/p>\n\n\n\n<p>O curso aconteceu no Centro de Educa\u00e7\u00e3o T\u00e9cnico Profissional na \u00c1rea de Sa\u00fade (Cetas) e o treinamento foi ministrado pelo m\u00e9dico S\u00e9rgio Melo. \u201cA aula \u00e9 espec\u00edfica sobre a fisiopatologia de todos os tipos de choque no paciente com coronavirus e o tratamento visando aqueles que est\u00e3o em estado grave\u201d, disse.<\/p>\n\n\n\n<p>Os m\u00e9dicos, Mateus Duque e Sara Schereder, que se formaram pela Universidade Federal de Rond\u00f4nia (Unir), e fazem parte de uma leva de estudantes que tiveram a cola\u00e7\u00e3o antecipada para combater o coronav\u00edrus, foram selecionados no chamamento emergencial e n\u00e3o imaginavam iniciar na profiss\u00e3o durante uma pandemia, mas ressaltaram que querem colocar em pr\u00e1tica tudo que aprenderam.<a href=\"http:\/\/data.portal.sistemas.ro.gov.br\/2020\/05\/TREINAMENTO-NOVOS-M%C3%89DICOS_-18.05.2020_-FOTOS-%C3%8DTALO-RICARDO-10.jpg\" target=\"_blank\" rel=\"noopener\"><\/a><\/p>\n\n\n\n<figure class=\"wp-block-image size-large\"><img loading=\"lazy\" decoding=\"async\" width=\"1024\" height=\"667\" src=\"https:\/\/vipfesta.com.br\/vipfesta\/wp-content\/uploads\/2020\/05\/TREINAMENTO-NOVOS-M\u00c9DICOS_-18.05.2020_-FOTOS-\u00cdTALO-RICARDO-10.jpg\" alt=\"\" class=\"wp-image-26923\" srcset=\"https:\/\/vipfesta.com.br\/vipfesta\/wp-content\/uploads\/2020\/05\/TREINAMENTO-NOVOS-M\u00c9DICOS_-18.05.2020_-FOTOS-\u00cdTALO-RICARDO-10.jpg 1024w, https:\/\/vipfesta.com.br\/vipfesta\/wp-content\/uploads\/2020\/05\/TREINAMENTO-NOVOS-M\u00c9DICOS_-18.05.2020_-FOTOS-\u00cdTALO-RICARDO-10-300x195.jpg 300w, https:\/\/vipfesta.com.br\/vipfesta\/wp-content\/uploads\/2020\/05\/TREINAMENTO-NOVOS-M\u00c9DICOS_-18.05.2020_-FOTOS-\u00cdTALO-RICARDO-10-768x500.jpg 768w\" sizes=\"auto, (max-width: 1024px) 100vw, 1024px\" \/><figcaption>Os m\u00e9dicos, Mateus Duque e Sara Schereder, tiveram a cola\u00e7\u00e3o antecipada pela Unir.<\/figcaption><\/figure>\n\n\n\n<p>\u201cTodos os profissionais de sa\u00fade do mundo est\u00e3o enfrentando a mesma batalha e n\u00f3s vamos entrar nesta batalha com toda for\u00e7a de vontade para ajudar a salvar vidas, e no final poder dizer que vencemos o coronav\u00edrus, pois acreditamos que a cura ou uma vacina est\u00e3o pr\u00f3ximos\u201d, disse, a m\u00e9dica Sara Shereder.<\/p>\n\n\n\n<p>Na ocasi\u00e3o, Fernando M\u00e1ximo deu as boas vindas aos novos servidores e refor\u00e7ou algumas medidas que foram tomadas, antes mesmo do primeiro caso da doen\u00e7a em Rond\u00f4nia, como a compra antecipada de Equipamentos de Prote\u00e7\u00e3o Individual (EPI\u2019s), que est\u00e3o sendo usados de forma racional, mas que n\u00e3o h\u00e1 falta desses equipamentos. \u201cA prote\u00e7\u00e3o do profissional da linha de frente \u00e9 primordial, por isso a Sesau tem tomado todas as medidas necess\u00e1rias\u201d.<\/p>\n\n\n\n<p><strong>CONVOCA\u00c7\u00c3O EMERGENCIAL<\/strong><\/p>\n\n\n\n<p>O governo do Estado de Rond\u00f4nia, por meio Sesau, lan\u00e7ou na \u00faltima semana o&nbsp;<a href=\"http:\/\/www.rondonia.ro.gov.br\/publicacao\/1252020-edital-n-73-2020-segep-gcp-abertura-de-inscricoes-processo-seletivo-para-contratacao-temporaria-de-profissionais-para-atender-a-secretaria-de-estado-da-saude\/\" target=\"_blank\" rel=\"noopener\">edital n\u00ba 73.2020.SEGEP.GCP<\/a>,&nbsp;para novas inscri\u00e7\u00f5es de profissionais da \u00e1rea da sa\u00fade. Ao todo, 1.520 j\u00e1 foram convocados e 520 est\u00e3o atendendo nas unidades hospitalares do Estado.<\/p>\n\n\n\n<p>Segundo o secret\u00e1rio de sa\u00fade, os profissionais convocados refor\u00e7am a rede de combate \u00e0 Covid-19 em Rond\u00f4nia.&nbsp;\u201cTodos os profissionais que aceitam lutar conosco contra a pandemia recebem treinamentos. E agradecemos a cada um, pois esse refor\u00e7o \u00e9 muito importante para salvar vidas\u201d, destacou Fernando M\u00e1ximo.<\/p>\n\n\n\n<p>As inscri\u00e7\u00f5es para este \u00faltimo edital de Cadastro Reserva ainda est\u00e3o abertas, segundo a coordenadora de Recursos Humanos da Sesau, Neucila Barato. \u201cEsse \u00faltimo edital \u00e9 para Cadastro Reserva. Todos os profissionais que nos enviaram a documenta\u00e7\u00e3o ser\u00e3o convocados para atuarem na sa\u00fade do Estado\u201d, explicou.<\/p>\n\n\n\n<p>Secom<\/p>\n\n\n\n<p><\/p>\n\n\n\n<p><\/p>\n","protected":false},"excerpt":{"rendered":"<p>Neste domingo (17), 24 novos m\u00e9dicos graduados, aprovados no processo seletivo emergencial da Secretaria Estadual de Sa\u00fade (Sesau), &nbsp;participaram de<\/p>\n","protected":false},"author":1,"featured_media":26922,"comment_status":"open","ping_status":"open","sticky":false,"template":"","format":"standard","meta":{"colormag_page_container_layout":"default_layout","colormag_page_sidebar_layout":"default_layout","footnotes":""},"categories":[283,440],"tags":[642,630,817],"class_list":["post-26921","post","type-post","status-publish","format-standard","has-post-thumbnail","hentry","category-cidades","category-saude","tag-coronavirus","tag-covid19","tag-medicos"],"_links":{"self":[{"href":"https:\/\/vipfesta.com.br\/vipfesta\/wp-json\/wp\/v2\/posts\/26921","targetHints":{"allow":["GET"]}}],"collection":[{"href":"https:\/\/vipfesta.com.br\/vipfesta\/wp-json\/wp\/v2\/posts"}],"about":[{"href":"https:\/\/vipfesta.com.br\/vipfesta\/wp-json\/wp\/v2\/types\/post"}],"author":[{"embeddable":true,"href":"https:\/\/vipfesta.com.br\/vipfesta\/wp-json\/wp\/v2\/users\/1"}],"replies":[{"embeddable":true,"href":"https:\/\/vipfesta.com.br\/vipfesta\/wp-json\/wp\/v2\/comments?post=26921"}],"version-history":[{"count":1,"href":"https:\/\/vipfesta.com.br\/vipfesta\/wp-json\/wp\/v2\/posts\/26921\/revisions"}],"predecessor-version":[{"id":26924,"href":"https:\/\/vipfesta.com.br\/vipfesta\/wp-json\/wp\/v2\/posts\/26921\/revisions\/26924"}],"wp:featuredmedia":[{"embeddable":true,"href":"https:\/\/vipfesta.com.br\/vipfesta\/wp-json\/wp\/v2\/media\/26922"}],"wp:attachment":[{"href":"https:\/\/vipfesta.com.br\/vipfesta\/wp-json\/wp\/v2\/media?parent=26921"}],"wp:term":[{"taxonomy":"category","embeddable":true,"href":"https:\/\/vipfesta.com.br\/vipfesta\/wp-json\/wp\/v2\/categories?post=26921"},{"taxonomy":"post_tag","embeddable":true,"href":"https:\/\/vipfesta.com.br\/vipfesta\/wp-json\/wp\/v2\/tags?post=26921"}],"curies":[{"name":"wp","href":"https:\/\/api.w.org\/{rel}","templated":true}]}}