{"id":26792,"date":"2020-05-10T19:47:55","date_gmt":"2020-05-10T23:47:55","guid":{"rendered":"https:\/\/vipfesta.com.br\/vipfesta\/?p=26792"},"modified":"2020-05-10T19:47:58","modified_gmt":"2020-05-10T23:47:58","slug":"55-boletim-diario-sobre-coronavirus-em-rondonia","status":"publish","type":"post","link":"https:\/\/vipfesta.com.br\/vipfesta\/55-boletim-diario-sobre-coronavirus-em-rondonia\/","title":{"rendered":"55\u00b0 Boletim di\u00e1rio sobre coronav\u00edrus em Rond\u00f4nia"},"content":{"rendered":"\n<figure class=\"wp-block-image size-large\"><img loading=\"lazy\" decoding=\"async\" width=\"470\" height=\"385\" src=\"https:\/\/vipfesta.com.br\/vipfesta\/wp-content\/uploads\/2020\/05\/Uso-de-m\u00e1scara_coronav\u00edrus_07.05.20_Foto_Daiane-Mendon\u00e7a-10-470x385-1.jpg\" alt=\"\" class=\"wp-image-26793\" srcset=\"https:\/\/vipfesta.com.br\/vipfesta\/wp-content\/uploads\/2020\/05\/Uso-de-m\u00e1scara_coronav\u00edrus_07.05.20_Foto_Daiane-Mendon\u00e7a-10-470x385-1.jpg 470w, https:\/\/vipfesta.com.br\/vipfesta\/wp-content\/uploads\/2020\/05\/Uso-de-m\u00e1scara_coronav\u00edrus_07.05.20_Foto_Daiane-Mendon\u00e7a-10-470x385-1-300x246.jpg 300w\" sizes=\"auto, (max-width: 470px) 100vw, 470px\" \/><\/figure>\n\n\n\n<p>O Governo de Rond\u00f4nia, por meio da Ag\u00eancia Estadual de Vigil\u00e2ncia em Sa\u00fade (Agevisa) e a Secretaria de Estado da Sa\u00fade (Sesau), divulga os dados referentes ao coronav\u00edrus (Covid-19) no Estado.<\/p>\n\n\n\n<p>No domingo (10), foram consolidados os seguintes resultados para Covid-19 em Rond\u00f4nia:<\/p>\n\n\n\n<p><strong>Casos confirmados<\/strong>&nbsp;\u2013 1.302<\/p>\n\n\n\n<p><strong>Pacientes recuperados<\/strong>&nbsp;\u2013 308<\/p>\n\n\n\n<p><strong>\u00d3bitos<\/strong>&nbsp;\u2013 43<\/p>\n\n\n\n<p><strong>Pacientes internados na Rede P\u00fablica de Sa\u00fade<\/strong>&nbsp;\u2013 138<\/p>\n\n\n\n<p><strong>Casos confirmados<\/strong>&nbsp;\u2013 77<\/p>\n\n\n\n<p><strong>Casos suspeitos<\/strong>&nbsp;\u2013 61<\/p>\n\n\n\n<p><strong>Testes Realizados<\/strong>&nbsp;\u2013 5.386<\/p>\n\n\n\n<p><strong>Aguardando resultados do Lacen<\/strong>&nbsp;\u2013 550<\/p>\n\n\n\n<p><strong>CONFIRMADOS POR MUNIC\u00cdPIOS<\/strong><\/p>\n\n\n\n<p>Os 1.302 casos confirmados para Covid-19 s\u00e3o nas seguintes localidades:<\/p>\n\n\n\n<p>991 em Porto Velho;<\/p>\n\n\n\n<p>123 em Ariquemes;<\/p>\n\n\n\n<p>45 em Ji-Paran\u00e1;<\/p>\n\n\n\n<p>19 em Jaru;<\/p>\n\n\n\n<p>18 em Urup\u00e1;<\/p>\n\n\n\n<p>16 em Cacoal;<\/p>\n\n\n\n<p>13 em Ouro Preto do Oeste;<\/p>\n\n\n\n<p>11 em Vilhena;<\/p>\n\n\n\n<p>10 em Candeias do Jamari;<\/p>\n\n\n\n<p>9 em Guajar\u00e1-Mirim;<\/p>\n\n\n\n<p>6 em Rolim de Moura;<\/p>\n\n\n\n<p>5 em Primavera de Rond\u00f4nia;<\/p>\n\n\n\n<p>4 em Alto Alegre dos Parecis;<\/p>\n\n\n\n<p>4 em Governador Jorge Teixeira;<\/p>\n\n\n\n<p>3 em Buritis;<\/p>\n\n\n\n<p>3 em Mirante da Serra;<\/p>\n\n\n\n<p>3 em Espig\u00e3o do Oeste;<\/p>\n\n\n\n<p>3 em Nova Brasil\u00e2ndia do Oeste;<\/p>\n\n\n\n<p>2 em Alvorada do Oeste;<\/p>\n\n\n\n<p>2 em Theobroma;<\/p>\n\n\n\n<p>2 em Alto Para\u00edso;<\/p>\n\n\n\n<p>2 Machadinho D\u2019Oeste<\/p>\n\n\n\n<p>1 em Alta Floresta;<\/p>\n\n\n\n<p>1 em Campo Novo;<\/p>\n\n\n\n<p>1 em Cujubim;<\/p>\n\n\n\n<p>1 em Itapu\u00e3 do Oeste;<\/p>\n\n\n\n<p>1 em Novo Horizonte do Oeste;<\/p>\n\n\n\n<p>1 em Pimenta Bueno;<\/p>\n\n\n\n<p>1 em Vale do Anari;<\/p>\n\n\n\n<p>1 em S\u00e3o Felipe do Oeste;<\/p>\n\n\n\n<p>No domingo (10), foram confirmados 39 novos casos de Covid-19 em Rond\u00f4nia, destes, 23 em Porto Velho, 10 em Cacoal, dois em Ariquemes, mais dois em Vilhena, um em Candeias do Jamari e um em Machadinho D\u2019Oeste.<\/p>\n\n\n\n<p><strong>\u00d3BITOS POR MUNIC\u00cdPIOS<\/strong><\/p>\n\n\n\n<p>Os 43 \u00f3bitos por Covid-19 s\u00e3o nas seguintes localidades:<\/p>\n\n\n\n<p>Porto Velho \u2013 33<\/p>\n\n\n\n<p>Guajar\u00e1-Mirim \u2013 4<\/p>\n\n\n\n<p>Ji-Paran\u00e1 \u2013 3<\/p>\n\n\n\n<p>Campo Novo \u2013 1<\/p>\n\n\n\n<p>Cujubim \u2013 1<\/p>\n\n\n\n<p>Rolim de Moura \u2013 1<\/p>\n\n\n\n<p>Neste domingo (10), foram confirmados dois \u00f3bitos em Porto Velho, sendo dois homens, de 64 e 74 anos.<\/p>\n\n\n\n<p><strong>INTERNADOS POR MUNIC\u00cdPIOS<\/strong><\/p>\n\n\n\n<p>Dos 77 pacientes internados confirmados, 75 s\u00e3o de Porto Velho, onde 23 est\u00e3o na Unidade de Assist\u00eancia M\u00e9dica Intensiva 24 horas (AMI), 17 est\u00e3o no Centro de Medicina Tropical de Rond\u00f4nia (Cemetron), 16 no Hospital Santa Marcelina, nove no Hospital de Base Dr. Ary Pinheiro (HB), outros nove no Hospital Samar (leitos contratados pelo Governo de Rond\u00f4nia), e uma crian\u00e7a no Hospital Infantil Cosme e Dami\u00e3o.<\/p>\n\n\n\n<p>H\u00e1, tamb\u00e9m, um paciente internado no Hospital Regional de Cacoal, e mais um no Hospital Regional de Buritis.<\/p>\n\n\n\n<p>Dos 61 pacientes internados com suspeita de Covid-19, 60 s\u00e3o de Porto Velho, sendo que 30 est\u00e3o no Hospital de Base Dr. Ary Pinheiro, 14 est\u00e3o no Cemetron, 10 no Jo\u00e3o Paulo II e seis no Hospital Samar (leitos contratados pelo Governo de Rond\u00f4nia).<\/p>\n\n\n\n<p>H\u00e1, tamb\u00e9m, um paciente internado no Hospital Regional de Cacoal.<\/p>\n\n\n\n<p><strong>UTI<\/strong><\/p>\n\n\n\n<p>Em Rond\u00f4nia, h\u00e1 42 pacientes internados na Unidade de Terapia Intensiva (UTI) da Rede Estadual de Sa\u00fade; nove com suspeita de Covid-19 e 33 confirmados.<\/p>\n\n\n\n<p><strong>REDE PARTICULAR<\/strong><\/p>\n\n\n\n<p>Na Rede Particular, h\u00e1 45 pacientes internados em Porto Velho, sendo 23 casos confirmados e 22 suspeitos. Dos 23 casos confirmados, sete est\u00e3o na UTI, e dos 22 casos suspeitos, cinco est\u00e3o na UTI.<\/p>\n\n\n\n<p>Somando os casos que est\u00e3o na rede p\u00fablica e privada de sa\u00fade, s\u00e3o 183 pacientes internados em Rond\u00f4nia.<\/p>\n\n\n\n<p>A Agevisa ressalta que os dados n\u00e3o s\u00e3o lidos e atualizados imediatamente pelo Centro de Informa\u00e7\u00f5es Estrat\u00e9gicas em Vigil\u00e2ncia em Sa\u00fade (Cievs), por isso h\u00e1 atraso (delay) no registro de casos que est\u00e3o sendo acompanhados diariamente por equipes de sa\u00fade nos munic\u00edpios.<\/p>\n\n\n\n<p>Para mais detalhes acesse o Painel Interativo da Covid-19 em Rond\u00f4nia, atrav\u00e9s do endere\u00e7o:\u00a0<a href=\"http:\/\/covid19.sesau.ro.gov.br\/\" target=\"_blank\" rel=\"noopener\">covid19.sesau.ro.gov.br<\/a>.<\/p>\n\n\n\n<p>Secom\/Governo de Rond\u00f4nia<\/p>\n\n\n\n<p><\/p>\n","protected":false},"excerpt":{"rendered":"<p>O Governo de Rond\u00f4nia, por meio da Ag\u00eancia Estadual de Vigil\u00e2ncia em Sa\u00fade (Agevisa) e a Secretaria de Estado da<\/p>\n","protected":false},"author":1,"featured_media":26793,"comment_status":"open","ping_status":"open","sticky":false,"template":"","format":"standard","meta":{"colormag_page_container_layout":"default_layout","colormag_page_sidebar_layout":"default_layout","footnotes":""},"categories":[283],"tags":[642,630],"class_list":["post-26792","post","type-post","status-publish","format-standard","has-post-thumbnail","hentry","category-cidades","tag-coronavirus","tag-covid19"],"_links":{"self":[{"href":"https:\/\/vipfesta.com.br\/vipfesta\/wp-json\/wp\/v2\/posts\/26792","targetHints":{"allow":["GET"]}}],"collection":[{"href":"https:\/\/vipfesta.com.br\/vipfesta\/wp-json\/wp\/v2\/posts"}],"about":[{"href":"https:\/\/vipfesta.com.br\/vipfesta\/wp-json\/wp\/v2\/types\/post"}],"author":[{"embeddable":true,"href":"https:\/\/vipfesta.com.br\/vipfesta\/wp-json\/wp\/v2\/users\/1"}],"replies":[{"embeddable":true,"href":"https:\/\/vipfesta.com.br\/vipfesta\/wp-json\/wp\/v2\/comments?post=26792"}],"version-history":[{"count":1,"href":"https:\/\/vipfesta.com.br\/vipfesta\/wp-json\/wp\/v2\/posts\/26792\/revisions"}],"predecessor-version":[{"id":26794,"href":"https:\/\/vipfesta.com.br\/vipfesta\/wp-json\/wp\/v2\/posts\/26792\/revisions\/26794"}],"wp:featuredmedia":[{"embeddable":true,"href":"https:\/\/vipfesta.com.br\/vipfesta\/wp-json\/wp\/v2\/media\/26793"}],"wp:attachment":[{"href":"https:\/\/vipfesta.com.br\/vipfesta\/wp-json\/wp\/v2\/media?parent=26792"}],"wp:term":[{"taxonomy":"category","embeddable":true,"href":"https:\/\/vipfesta.com.br\/vipfesta\/wp-json\/wp\/v2\/categories?post=26792"},{"taxonomy":"post_tag","embeddable":true,"href":"https:\/\/vipfesta.com.br\/vipfesta\/wp-json\/wp\/v2\/tags?post=26792"}],"curies":[{"name":"wp","href":"https:\/\/api.w.org\/{rel}","templated":true}]}}