{"id":26760,"date":"2020-05-07T09:26:33","date_gmt":"2020-05-07T13:26:33","guid":{"rendered":"https:\/\/vipfesta.com.br\/vipfesta\/?p=26760"},"modified":"2020-05-07T09:26:36","modified_gmt":"2020-05-07T13:26:36","slug":"segunda-feira-11-inicia-a-terceira-fase-da-campanha-contra-a-gripe","status":"publish","type":"post","link":"https:\/\/vipfesta.com.br\/vipfesta\/segunda-feira-11-inicia-a-terceira-fase-da-campanha-contra-a-gripe\/","title":{"rendered":"Segunda-feira (11) inicia a terceira fase da Campanha Contra a Gripe"},"content":{"rendered":"\n<figure class=\"wp-block-image size-large\"><img loading=\"lazy\" decoding=\"async\" width=\"1024\" height=\"682\" src=\"https:\/\/vipfesta.com.br\/vipfesta\/wp-content\/uploads\/2020\/05\/vacina\u00e7\u00e3o-2-1024x682.jpg\" alt=\"\" class=\"wp-image-26761\" srcset=\"https:\/\/vipfesta.com.br\/vipfesta\/wp-content\/uploads\/2020\/05\/vacina\u00e7\u00e3o-2-1024x682.jpg 1024w, https:\/\/vipfesta.com.br\/vipfesta\/wp-content\/uploads\/2020\/05\/vacina\u00e7\u00e3o-2-300x200.jpg 300w, https:\/\/vipfesta.com.br\/vipfesta\/wp-content\/uploads\/2020\/05\/vacina\u00e7\u00e3o-2-768x512.jpg 768w, https:\/\/vipfesta.com.br\/vipfesta\/wp-content\/uploads\/2020\/05\/vacina\u00e7\u00e3o-2.jpg 1280w\" sizes=\"auto, (max-width: 1024px) 100vw, 1024px\" \/><\/figure>\n\n\n\n<p>A partir de segunda-feira (11), a Secretaria Municipal de Sa\u00fade de Ji-Paran\u00e1 iniciar\u00e1 a terceira fase da Campanha de Vacina\u00e7\u00e3o Contra a Gripe. As Unidades B\u00e1sicas de Sa\u00fade (UBS) do munic\u00edpio oferecer\u00e3o as doses entre os hor\u00e1rios de 7:30 e 13:00 horas. As UBS dos distritos de Nova Londrina e Nova Colina tamb\u00e9m disponibilizar\u00e3o a vacina. A expectativa \u00e9 atender em torno de 16 mil pessoas nesta terceira fase.<\/p>\n\n\n\n<p>O grupo priorit\u00e1rio estabelecido pelo Governo Federal foi dividido em duas etapas. A primeira ser\u00e1 entre os dias 11 a 15 de maio. Ser\u00e3o imunizados portadores de defici\u00eancia, gestantes, crian\u00e7as de seis meses a cinco anos de idade e pu\u00e9rperas, que s\u00e3o mulheres com at\u00e9 45 dias ap\u00f3s o parto. As mulheres gr\u00e1vidas devem levar o cart\u00e3o da gestante e as que tiveram filho recentemente devem apresentar a certid\u00e3o de nascimento do rec\u00e9m-nascido.<\/p>\n\n\n\n<p>A segunda etapa ser\u00e1 dos dias 18 a 22 de maio. Ser\u00e3o imunizados os adultos de 55 a 59 anos e professores da rede p\u00fablica e privada, que devem apresentar documenta\u00e7\u00e3o que comprove a atua\u00e7\u00e3o na \u00e1rea.<\/p>\n\n\n\n<p>O diretor da Divis\u00e3o de Imuniza\u00e7\u00e3o, Jhones Mezacasa Pinheiro, explica que o objetivo da vacina\u00e7\u00e3o \u00e9 proteger a popula\u00e7\u00e3o contra a influenza e minimizar o impacto sobre os servi\u00e7os de sa\u00fade, auxiliando na exclus\u00e3o de diagn\u00f3sticos em virtude do coronav\u00edrus.<\/p>\n\n\n\n<p>\u201c\u00c9 importante ressaltar que os sintomas da influenza s\u00e3o semelhantes aos da Covid-19 e essa antecipa\u00e7\u00e3o da vacina visa reduzir a carga de circula\u00e7\u00e3o da influenza na popula\u00e7\u00e3o, bem como suas complica\u00e7\u00f5es e \u00f3bitos\u201d, ressaltou.<\/p>\n\n\n\n<p>Outra informa\u00e7\u00e3o importante \u00e9 que as vacinas de rotina ser\u00e3o suspensas neste per\u00edodo de 11 a 22 de maio para evitar aglomera\u00e7\u00e3o nas UBS. As vacinas de BCG e Hepatite B para os rec\u00e9m-nascidos e a antirr\u00e1bica ser\u00e3o oferecidas somente na Unidade L1 Maring\u00e1 neste per\u00edodo.<\/p>\n\n\n\n<p>\u201cA decis\u00e3o de suspender as vacinas de rotina \u00e9 para diminuir o fluxo e a possibilidade de transmiss\u00e3o do coronav\u00edrus. Pedimos que as pessoas usem m\u00e1scara e mantenham dist\u00e2ncia social de dois metros. As unidades com maior fluxo ir\u00e3o receber o apoio dos enfermeiros e t\u00e9cnicos. Sendo assim o atendimento ser\u00e1 mais r\u00e1pido e eficaz\u201d, acrescentou.<\/p>\n\n\n\n<p>As pessoas que fazem parte do p\u00fablico alvo que moram na \u00e1rea rural ser\u00e3o imunizadas contra a gripe a partir do dia 26 de maio. Os vacinadores tamb\u00e9m far\u00e3o a atualiza\u00e7\u00e3o da carteira de vacina das pessoas.<\/p>\n\n\n\n<p>Asssessoria<\/p>\n","protected":false},"excerpt":{"rendered":"<p>A partir de segunda-feira (11), a Secretaria Municipal de Sa\u00fade de Ji-Paran\u00e1 iniciar\u00e1 a terceira fase da Campanha de Vacina\u00e7\u00e3o<\/p>\n","protected":false},"author":1,"featured_media":26761,"comment_status":"open","ping_status":"open","sticky":false,"template":"","format":"standard","meta":{"colormag_page_container_layout":"default_layout","colormag_page_sidebar_layout":"default_layout","footnotes":""},"categories":[283,440],"tags":[19,560],"class_list":["post-26760","post","type-post","status-publish","format-standard","has-post-thumbnail","hentry","category-cidades","category-saude","tag-ji-parana","tag-vacina"],"_links":{"self":[{"href":"https:\/\/vipfesta.com.br\/vipfesta\/wp-json\/wp\/v2\/posts\/26760","targetHints":{"allow":["GET"]}}],"collection":[{"href":"https:\/\/vipfesta.com.br\/vipfesta\/wp-json\/wp\/v2\/posts"}],"about":[{"href":"https:\/\/vipfesta.com.br\/vipfesta\/wp-json\/wp\/v2\/types\/post"}],"author":[{"embeddable":true,"href":"https:\/\/vipfesta.com.br\/vipfesta\/wp-json\/wp\/v2\/users\/1"}],"replies":[{"embeddable":true,"href":"https:\/\/vipfesta.com.br\/vipfesta\/wp-json\/wp\/v2\/comments?post=26760"}],"version-history":[{"count":1,"href":"https:\/\/vipfesta.com.br\/vipfesta\/wp-json\/wp\/v2\/posts\/26760\/revisions"}],"predecessor-version":[{"id":26762,"href":"https:\/\/vipfesta.com.br\/vipfesta\/wp-json\/wp\/v2\/posts\/26760\/revisions\/26762"}],"wp:featuredmedia":[{"embeddable":true,"href":"https:\/\/vipfesta.com.br\/vipfesta\/wp-json\/wp\/v2\/media\/26761"}],"wp:attachment":[{"href":"https:\/\/vipfesta.com.br\/vipfesta\/wp-json\/wp\/v2\/media?parent=26760"}],"wp:term":[{"taxonomy":"category","embeddable":true,"href":"https:\/\/vipfesta.com.br\/vipfesta\/wp-json\/wp\/v2\/categories?post=26760"},{"taxonomy":"post_tag","embeddable":true,"href":"https:\/\/vipfesta.com.br\/vipfesta\/wp-json\/wp\/v2\/tags?post=26760"}],"curies":[{"name":"wp","href":"https:\/\/api.w.org\/{rel}","templated":true}]}}