{"id":26585,"date":"2020-04-21T13:03:10","date_gmt":"2020-04-21T17:03:10","guid":{"rendered":"https:\/\/vipfesta.com.br\/vipfesta\/?p=26585"},"modified":"2020-04-21T13:03:13","modified_gmt":"2020-04-21T17:03:13","slug":"auxilio-emergencial-foi-negado-posso-recorrer","status":"publish","type":"post","link":"https:\/\/vipfesta.com.br\/vipfesta\/auxilio-emergencial-foi-negado-posso-recorrer\/","title":{"rendered":"Aux\u00edlio Emergencial foi negado!! Posso recorrer???"},"content":{"rendered":"\n<figure class=\"wp-block-image size-large\"><img decoding=\"async\" src=\"https:\/\/1.bp.blogspot.com\/-qp0faZPBwnA\/Xp8lsTkGieI\/AAAAAAAHuJg\/9gZ9mdgwW5UAd_UO2YtaQDdN9arCD6IaACLcBGAsYHQ\/s320\/InShot_20200421_125443070.jpg\" alt=\"\"\/><\/figure>\n\n\n\n<p>Os trabalhadores que tiveram o pagamento do Aux\u00edlio Emergencial de R$ 600 negado pelo governo podem contestar a decis\u00e3o, segundo\u00a0a Caixa Econ\u00f4mica Federal (CEF).<\/p>\n\n\n\n<p>Desde segunda-feira (20), o aplicativo do Aux\u00edlio Emergencial passou a disponibilizar ao trabalhador a possibilidade de fazer uma nova solicita\u00e7\u00e3o ou de contestar o resultado da an\u00e1lise efetuada pela Dataprev, respons\u00e1vel por validar os dados.<\/p>\n\n\n\n<p>A alternativa \u00e9 poss\u00edvel tanto para quem fez a solicita\u00e7\u00e3o via aplicativo e site, quanto para os inscritos no Cadastro \u00danico que n\u00e3o receberam o benef\u00edcio.<\/p>\n\n\n\n<p><\/p>\n\n\n\n<p><strong>Veja abaixo como fazer:<\/strong><\/p>\n\n\n\n<h4 class=\"wp-block-heading\">Inscritos no Cadastro \u00danico<\/h4>\n\n\n\n<p>Os trabalhadores inscritos no Cadastro \u00danico e que atendem aos crit\u00e9rios do Aux\u00edlio Emergencial devem ter seus benef\u00edcios pagos automaticamente. Caso o trabalhador n\u00e3o tenha recebido e acredite que se enquadra nos crit\u00e9rios, ele pode verificar o resultado da an\u00e1lise por meio do aplicativo do Aux\u00edlio Emergencial.<\/p>\n\n\n\n<p>Caso o trabalhador tenha tido seu aux\u00edlio reprovado, pode fazer uma nova solicita\u00e7\u00e3o atrav\u00e9s do pr\u00f3prio aplicativo.<\/p>\n\n\n\n<p><strong>Inscritos via aplicativo e site<\/strong><\/p>\n\n\n\n<p>O trabalhador deve verificar por meio do aplicativo do Aux\u00edlio Emergencial o andamento de seu pedido. A Caixa promete disponibilizar at\u00e9 o final da semana o resultado da an\u00e1lise feita pela Dataprev com a rela\u00e7\u00e3o dos pedidos n\u00e3o aprovados.<\/p>\n\n\n\n<p><strong>Em an\u00e1lise<\/strong>: os dados ainda est\u00e3o sendo analisados pela Dataprev.<\/p>\n\n\n\n<ul class=\"wp-block-list\"><li>Benef\u00edcio n\u00e3o aprovado: o trabalhador pode contestar o motivo da n\u00e3o aprova\u00e7\u00e3o atrav\u00e9s do aplicativo. Tamb\u00e9m pode, alternativamente, realizar nova solicita\u00e7\u00e3o.<\/li><li>Dados inconclusivos: o trabalhador poder\u00e1 fazer nova solicita\u00e7\u00e3o. Ao fazer o novo pedido, deve ficar atento aos poss\u00edveis motivos para a inconclus\u00e3o, segundo a Caixa:<br>&#8211; marca\u00e7\u00e3o como chefe de fam\u00edlia sem ter indicado nenhum membro;<br>&#8211; falta de inser\u00e7\u00e3o da informa\u00e7\u00e3o de sexo do requerente;<br>&#8211; inser\u00e7\u00e3o incorreta de dados de membro da fam\u00edlia, como CPF e data de nascimento;<br>&#8211; diverg\u00eancia de cadastramento entre membros da mesma fam\u00edlia;<br>&#8211; inclus\u00e3o de alguma pessoa da fam\u00edlia que j\u00e1 tenha falecido.<\/li><\/ul>\n\n\n\n<p>G1<\/p>\n\n\n\n<p><\/p>\n","protected":false},"excerpt":{"rendered":"<p>Os trabalhadores que tiveram o pagamento do Aux\u00edlio Emergencial de R$ 600 negado pelo governo podem contestar a decis\u00e3o, segundo\u00a0a<\/p>\n","protected":false},"author":1,"featured_media":26586,"comment_status":"open","ping_status":"open","sticky":false,"template":"","format":"standard","meta":{"colormag_page_container_layout":"default_layout","colormag_page_sidebar_layout":"default_layout","footnotes":""},"categories":[283,466],"tags":[706,642,630],"class_list":["post-26585","post","type-post","status-publish","format-standard","has-post-thumbnail","hentry","category-cidades","category-utilidade-publica","tag-auxilio-emergencial","tag-coronavirus","tag-covid19"],"_links":{"self":[{"href":"https:\/\/vipfesta.com.br\/vipfesta\/wp-json\/wp\/v2\/posts\/26585","targetHints":{"allow":["GET"]}}],"collection":[{"href":"https:\/\/vipfesta.com.br\/vipfesta\/wp-json\/wp\/v2\/posts"}],"about":[{"href":"https:\/\/vipfesta.com.br\/vipfesta\/wp-json\/wp\/v2\/types\/post"}],"author":[{"embeddable":true,"href":"https:\/\/vipfesta.com.br\/vipfesta\/wp-json\/wp\/v2\/users\/1"}],"replies":[{"embeddable":true,"href":"https:\/\/vipfesta.com.br\/vipfesta\/wp-json\/wp\/v2\/comments?post=26585"}],"version-history":[{"count":2,"href":"https:\/\/vipfesta.com.br\/vipfesta\/wp-json\/wp\/v2\/posts\/26585\/revisions"}],"predecessor-version":[{"id":26588,"href":"https:\/\/vipfesta.com.br\/vipfesta\/wp-json\/wp\/v2\/posts\/26585\/revisions\/26588"}],"wp:featuredmedia":[{"embeddable":true,"href":"https:\/\/vipfesta.com.br\/vipfesta\/wp-json\/wp\/v2\/media\/26586"}],"wp:attachment":[{"href":"https:\/\/vipfesta.com.br\/vipfesta\/wp-json\/wp\/v2\/media?parent=26585"}],"wp:term":[{"taxonomy":"category","embeddable":true,"href":"https:\/\/vipfesta.com.br\/vipfesta\/wp-json\/wp\/v2\/categories?post=26585"},{"taxonomy":"post_tag","embeddable":true,"href":"https:\/\/vipfesta.com.br\/vipfesta\/wp-json\/wp\/v2\/tags?post=26585"}],"curies":[{"name":"wp","href":"https:\/\/api.w.org\/{rel}","templated":true}]}}