{"id":26166,"date":"2020-03-25T14:41:00","date_gmt":"2020-03-25T18:41:00","guid":{"rendered":"https:\/\/vipfesta.com.br\/vipfesta\/?p=26166"},"modified":"2020-03-25T15:13:10","modified_gmt":"2020-03-25T19:13:10","slug":"alunos-em-situacao-de-pobreza-cadastradas-no-bolsa-familia-recebem-alimentos-em-ji-parana","status":"publish","type":"post","link":"https:\/\/vipfesta.com.br\/vipfesta\/alunos-em-situacao-de-pobreza-cadastradas-no-bolsa-familia-recebem-alimentos-em-ji-parana\/","title":{"rendered":"Alunos em situa\u00e7\u00e3o de pobreza cadastradas no bolsa fam\u00edlia recebem alimentos em Ji-Paran\u00e1"},"content":{"rendered":"\n<figure class=\"wp-block-image size-large\"><img loading=\"lazy\" decoding=\"async\" width=\"1000\" height=\"652\" src=\"https:\/\/vipfesta.com.br\/vipfesta\/wp-content\/uploads\/2020\/03\/IMG_1622-1.jpg\" alt=\"\" class=\"wp-image-26167\" srcset=\"https:\/\/vipfesta.com.br\/vipfesta\/wp-content\/uploads\/2020\/03\/IMG_1622-1.jpg 1000w, https:\/\/vipfesta.com.br\/vipfesta\/wp-content\/uploads\/2020\/03\/IMG_1622-1-300x196.jpg 300w, https:\/\/vipfesta.com.br\/vipfesta\/wp-content\/uploads\/2020\/03\/IMG_1622-1-768x501.jpg 768w\" sizes=\"auto, (max-width: 1000px) 100vw, 1000px\" \/><\/figure>\n\n\n\n<p>Uma a\u00e7\u00e3o conjunta promovida pelas secretarias Municipais de Assist\u00eancia Social, Educa\u00e7\u00e3o e Agricultura iniciou hoje (25) a distribui\u00e7\u00e3o de alimentos para estudantes da rede municipal de ensino, matriculados na \u00e1rea urbana, e que est\u00e3o cadastradas em situa\u00e7\u00e3o de vulnerabilidade social.<\/p>\n\n\n\n<p>A a\u00e7\u00e3o implementada pela Portaria Conjunta N\u00ba 001\/2020 ir\u00e1 beneficiar diretamente 1043 crian\u00e7as e adolescentes e faz parte das medidas adotadas pelo Prefeito Municipal Marcito Pinto visando reduzir os impactos gerados pelo risco de contamina\u00e7\u00e3o pelo Coronav\u00edrus.<\/p>\n\n\n\n<p>Mesmo com as aulas suspensas, devido ao risco de contamina\u00e7\u00e3o pelo Covid-19, os alunos de fam\u00edlias que se enquadram como Extrema pobreza pelo Bolsa fam\u00edlia ter\u00e3o o alimento garantido, uma vez que o n\u00e3o fornecimento destes suprimentos pode acarretar no agravamento no estado de vulnerabilidade dessas fam\u00edlias.<\/p>\n\n\n\n<p>A prefeitura, atrav\u00e9s das tr\u00eas secretarias, decidiu manter em funcionando o Programa de Aquisi\u00e7\u00e3o de Alimentos (PAA), visando garantir a compra dos pequenos produtores rurais do munic\u00edpio cadastrados no PAA e a manuten\u00e7\u00e3o de assist\u00eancia alimentar \u00e0s fam\u00edlias desses alunos matriculados nas escolas da Rede Municipal que recebem bolsa fam\u00edlia na \u00e1rea urbana.<\/p>\n\n\n\n<p>Est\u00e3o sendo entregues nas resid\u00eancias dessas fam\u00edlias cestas de alimentos contendo Arroz, Feij\u00e3o, Fub\u00e1, A\u00e7\u00facar, sal, \u00f3leo, leite, achocolatado, Farinha de mandioca, macarr\u00e3o, bolacha e aveia; Cesta Verde com frutas, legumes e verduras; e um kit de orienta\u00e7\u00e3o de como a fam\u00edlia deve se prevenir do coronav\u00edrus dentro de casa.<\/p>\n\n\n\n<p>Segundo a Secret\u00e1ria de Assist\u00eancia Social, S\u00f4nia Reigota, que coordena da distribui\u00e7\u00e3o dos alimentos, informou que as entregues tiveram in\u00edcio nesta quarta-feira (25) e seguir\u00e3o na quinta e sexta-feira.<\/p>\n\n\n\n<p>\u201c\u00c9 uma a\u00e7\u00e3o que busca contribuir com duas frentes importantes: as fam\u00edlias em vulnerabilidade e com a continua\u00e7\u00e3o de renda dos pequenos produtores do nosso munic\u00edpio. Organizamos uma log\u00edstica para que essas fam\u00edlias recebam este alimento at\u00e9 o final da pr\u00f3xima sexta-feira\u201d, concluiu S\u00f4nia.<\/p>\n\n\n\n<p>Assessoria<\/p>\n\n\n\n<p><\/p>\n\n\n\n<figure class=\"wp-block-image\"><a href=\"https:\/\/1.bp.blogspot.com\/-t7VOMfMAzLY\/Xnui6rO_kaI\/AAAAAAAHsdw\/yalQ5ursnx8fs5dVc7IPT6xLrA41IUaOQCLcBGAsYHQ\/s1600\/IMG_1577.jpg\" target=\"_blank\" rel=\"noopener\"><img decoding=\"async\" src=\"https:\/\/1.bp.blogspot.com\/-t7VOMfMAzLY\/Xnui6rO_kaI\/AAAAAAAHsdw\/yalQ5ursnx8fs5dVc7IPT6xLrA41IUaOQCLcBGAsYHQ\/s320\/IMG_1577.jpg\" alt=\"\"\/><\/a><\/figure>\n\n\n\n<figure class=\"wp-block-image\"><a href=\"https:\/\/1.bp.blogspot.com\/-R8RSKGHAXt0\/Xnui5gH6F9I\/AAAAAAAHsds\/cDx_2JjoOmwWJrz94JmpHzGYnDOFnIP8QCLcBGAsYHQ\/s1600\/IMG_1608.jpg\" target=\"_blank\" rel=\"noopener\"><img decoding=\"async\" src=\"https:\/\/1.bp.blogspot.com\/-R8RSKGHAXt0\/Xnui5gH6F9I\/AAAAAAAHsds\/cDx_2JjoOmwWJrz94JmpHzGYnDOFnIP8QCLcBGAsYHQ\/s320\/IMG_1608.jpg\" alt=\"\"\/><\/a><\/figure>\n\n\n\n<p><\/p>\n\n\n\n<p><\/p>\n","protected":false},"excerpt":{"rendered":"<p>Uma a\u00e7\u00e3o conjunta promovida pelas secretarias Municipais de Assist\u00eancia Social, Educa\u00e7\u00e3o e Agricultura iniciou hoje (25) a distribui\u00e7\u00e3o de alimentos<\/p>\n","protected":false},"author":1,"featured_media":26167,"comment_status":"open","ping_status":"open","sticky":false,"template":"","format":"standard","meta":{"colormag_page_container_layout":"default_layout","colormag_page_sidebar_layout":"default_layout","footnotes":""},"categories":[1,466],"tags":[664,663],"class_list":["post-26166","post","type-post","status-publish","format-standard","has-post-thumbnail","hentry","category-news","category-utilidade-publica","tag-alunos","tag-cesta-basica"],"_links":{"self":[{"href":"https:\/\/vipfesta.com.br\/vipfesta\/wp-json\/wp\/v2\/posts\/26166","targetHints":{"allow":["GET"]}}],"collection":[{"href":"https:\/\/vipfesta.com.br\/vipfesta\/wp-json\/wp\/v2\/posts"}],"about":[{"href":"https:\/\/vipfesta.com.br\/vipfesta\/wp-json\/wp\/v2\/types\/post"}],"author":[{"embeddable":true,"href":"https:\/\/vipfesta.com.br\/vipfesta\/wp-json\/wp\/v2\/users\/1"}],"replies":[{"embeddable":true,"href":"https:\/\/vipfesta.com.br\/vipfesta\/wp-json\/wp\/v2\/comments?post=26166"}],"version-history":[{"count":1,"href":"https:\/\/vipfesta.com.br\/vipfesta\/wp-json\/wp\/v2\/posts\/26166\/revisions"}],"predecessor-version":[{"id":26168,"href":"https:\/\/vipfesta.com.br\/vipfesta\/wp-json\/wp\/v2\/posts\/26166\/revisions\/26168"}],"wp:featuredmedia":[{"embeddable":true,"href":"https:\/\/vipfesta.com.br\/vipfesta\/wp-json\/wp\/v2\/media\/26167"}],"wp:attachment":[{"href":"https:\/\/vipfesta.com.br\/vipfesta\/wp-json\/wp\/v2\/media?parent=26166"}],"wp:term":[{"taxonomy":"category","embeddable":true,"href":"https:\/\/vipfesta.com.br\/vipfesta\/wp-json\/wp\/v2\/categories?post=26166"},{"taxonomy":"post_tag","embeddable":true,"href":"https:\/\/vipfesta.com.br\/vipfesta\/wp-json\/wp\/v2\/tags?post=26166"}],"curies":[{"name":"wp","href":"https:\/\/api.w.org\/{rel}","templated":true}]}}